{"id":8074,"date":"2026-02-05T08:21:49","date_gmt":"2026-02-05T07:21:49","guid":{"rendered":"https:\/\/www.forsoegsstationen.dk\/2026\/02\/re-wild-a-trio-spanning-three-generations\/"},"modified":"2026-08-25T21:40:25","modified_gmt":"2026-08-25T19:40:25","slug":"re-wild-a-trio-spanning-three-generations","status":"publish","type":"post","link":"https:\/\/www.forsoegsstationen.dk\/en\/2026\/02\/re-wild-a-trio-spanning-three-generations\/","title":{"rendered":"re-wild &#8211; a trio spanning three generations"},"content":{"rendered":"<div class=\"wpb-content-wrapper\" id=\"wpb-content-root\"><p>[vc_row bg_type=&#8221;image&#8221; parallax_style=&#8221;vcpb-default&#8221; bg_image_new=&#8221;id^3326|url^https:\/\/www.forsoegsstationen.dk\/wp-content\/uploads\/2022\/02\/bg-p.jpg|caption^null|alt^null|title^bg-p|description^null&#8221; css=&#8221;.vc_custom_1708630981679{padding-right: 25px !important;padding-left: 25px !important;}&#8221;][vc_column width=&#8221;1\/2&#8243; css=&#8221;.vc_custom_1708630969331{padding-right: 25px !important;padding-left: 25px !important;}&#8221;][vc_column_text css=&#8221;&#8221;]<\/p>\n<h4>RE-WILD<\/h4>\n<p>Hvordan kan vi arbejde med danserens styrker og begr\u00e6nsinger og lade b\u00e5de sp\u00e6ndinger og konflikt, omsorg, k\u00e6rlighed og ligev\u00e6rd udspille sig mellem generationer?<\/p>\n<p>Hvilken forundring og poesi opst\u00e5r der i m\u00f8det mellem dansere fra tre forskellige generationer? Hvordan kan sp\u00e6ndingsfeltet mellem dansernes samh\u00f8righed og forskellighed, s\u00e6tte publikums f\u00f8lelser og eftert\u00e6nksomhed i spil?<\/p>\n<p>Fors\u00f8gets titel RE-WILD er en spekulation over hvordan et socialt landskab, ligesom haven, kan blive et smukt refleksions-rum, netop i kraft at forskellige &#8216;arters&#8217; sameksistens.<\/p>\n<p>[\/vc_column_text][vc_empty_space height=&#8221;20px&#8221;]<span id=\"creative-link-wrap-1660\" class=\"ult_main_cl ult-adjust-bottom-margin  \" >\n\t \t\t\t<span class=\"ult_cl_link_3  ult_crlink\" >\n\t\t\t\t\t<a  data-ultimate-target='#creative-link-wrap-1660 .ult_colorlink'  data-responsive-json-new='{\"font-size\":\"desktop:16px;\",\"line-height\":\"\"}'  href=\"https:\/\/www.forsoegsstationen.dk\/wp-content\/uploads\/2026\/06\/Afrapportering-Forsoegsstationen-.pdf\" title=\"Rapport\" target=\"_blank\" rel=\"noopener\"  class=\"ult_colorlink ult-responsive \" style=\"font-family:Montserrat;font-weight:600; \"  data-textcolor=\"#333333\" data-texthover=\"#333333\"data-style=\"Style_3\">\n\t\t\t\t\t\t\n\t\t\t\t\t\t<span data-hover=\"Rapport\" style=\"color:#333333;;;\" class=\"ult_btn10_span   \">Rapport<\/span>\n\t\t\t\t\t\t<span class=\"ult_link_btm3 \" style=\"border-color:#333333;border-bottom-width:1px;border-style:solid;\"><\/span>\n\t\t\t\t\t<\/a>\n\t\t\t\t<\/span>\n\t\t\t<\/span>[vc_empty_space][\/vc_column][vc_column width=&#8221;1\/2&#8243; css=&#8221;.vc_custom_1734344326913{padding-right: 25px !important;padding-left: 25px !important;}&#8221;][vc_column_text css=&#8221;&#8221;]<\/p>\n<p><b>HOLDET BAG<\/b><\/p>\n<p>&nbsp;<\/p>\n<p>Otto Wolff \u00d8rnsbo 12 \u00e5r &#8211; skolebarn &#8211; har danset med Ellen i tidligere projekter<br \/>\nJakob Haahr Andersen 80 \u00e5r &#8211; danser &#8211; tidligere danser hos Pina Bauch<br \/>\nEllen Kilsgaard 50 \u00e5r &#8211; danser, koreograf og projektansvarlig<\/p>\n<p>&nbsp;<\/p>\n<p>&nbsp;<\/p>\n<p>&nbsp;<\/p>\n<div id=\"gtx-trans\" style=\"position: absolute; left: -15px; top: -16px;\">\n<div class=\"gtx-trans-icon\">\u00a0<\/div>\n<\/div>\n<p>[\/vc_column_text][vc_single_image image=&#8221;6379&#8243; img_size=&#8221;full&#8221; css=&#8221;&#8221;][vc_empty_space][\/vc_column][\/vc_row]<\/p>\n<\/div>","protected":false},"excerpt":{"rendered":"<p>[vc_row bg_type=&#8221;image&#8221; parallax_style=&#8221;vcpb-default&#8221; bg_image_new=&#8221;id^3326|url^https:\/\/www.forsoegsstationen.dk\/wp-content\/uploads\/2022\/02\/bg-p.jpg|caption^null|alt^null|title^bg-p|description^null&#8221; css=&#8221;.vc_custom_1708630981679{padding-right: 25px !important;padding-left: 25px !important;}&#8221;][vc_column width=&#8221;1\/2&#8243; css=&#8221;.vc_custom_1708630969331{padding-right: 25px !important;padding-left: 25px !important;}&#8221;][vc_column_text css=&#8221;&#8221;] RE-WILD Hvordan kan vi arbejde med danserens styrker og begr\u00e6nsinger og lade b\u00e5de sp\u00e6ndinger og konflikt, omsorg, k\u00e6rlighed og ligev\u00e6rd udspille sig mellem generationer? Hvilken forundring og poesi opst\u00e5r der i m\u00f8det mellem dansere fra tre forskellige generationer? Hvordan&hellip;<\/p>\n","protected":false},"author":10,"featured_media":6379,"comment_status":"closed","ping_status":"closed","sticky":false,"template":"","format":"standard","meta":{"_acf_changed":false,"footnotes":""},"categories":[103],"tags":[],"class_list":["post-8074","post","type-post","status-publish","format-standard","has-post-thumbnail","hentry","category-attempt-25-26","category-103","description-off"],"acf":[],"yoast_head":"<!-- This site is optimized with the Yoast SEO plugin v28.4 - https:\/\/yoast.com\/product\/yoast-seo-wordpress\/ -->\n<title>re-wild - a trio spanning three generations - Fors\u00f8gsstationen<\/title>\n<meta name=\"robots\" content=\"index, follow, max-snippet:-1, max-image-preview:large, max-video-preview:-1\" \/>\n<link rel=\"canonical\" href=\"https:\/\/www.forsoegsstationen.dk\/en\/2026\/02\/re-wild-a-trio-spanning-three-generations\/\" \/>\n<meta property=\"og:locale\" content=\"en_US\" \/>\n<meta property=\"og:type\" content=\"article\" \/>\n<meta property=\"og:title\" content=\"re-wild - a trio spanning three generations - Fors\u00f8gsstationen\" \/>\n<meta property=\"og:description\" content=\"[vc_row bg_type=&#8221;image&#8221; parallax_style=&#8221;vcpb-default&#8221; bg_image_new=&#8221;id^3326|url^https:\/\/www.forsoegsstationen.dk\/wp-content\/uploads\/2022\/02\/bg-p.jpg|caption^null|alt^null|title^bg-p|description^null&#8221; css=&#8221;.vc_custom_1708630981679{padding-right: 25px !important;padding-left: 25px !important;}&#8221;][vc_column width=&#8221;1\/2&#8243; css=&#8221;.vc_custom_1708630969331{padding-right: 25px !important;padding-left: 25px !important;}&#8221;][vc_column_text css=&#8221;&#8221;] RE-WILD Hvordan kan vi arbejde med danserens styrker og begr\u00e6nsinger og lade b\u00e5de sp\u00e6ndinger og konflikt, omsorg, k\u00e6rlighed og ligev\u00e6rd udspille sig mellem generationer? Hvilken forundring og poesi opst\u00e5r der i m\u00f8det mellem dansere fra tre forskellige generationer? Hvordan&hellip;\" \/>\n<meta property=\"og:url\" content=\"https:\/\/www.forsoegsstationen.dk\/en\/2026\/02\/re-wild-a-trio-spanning-three-generations\/\" \/>\n<meta property=\"og:site_name\" content=\"Fors\u00f8gsstationen\" \/>\n<meta property=\"article:publisher\" content=\"https:\/\/www.facebook.com\/vaerkstedforscenekunst\/\" \/>\n<meta property=\"article:published_time\" content=\"2026-02-05T07:21:49+00:00\" \/>\n<meta property=\"article:modified_time\" content=\"2026-08-25T19:40:25+00:00\" \/>\n<meta property=\"og:image\" content=\"https:\/\/www.forsoegsstationen.dk\/wp-content\/uploads\/2026\/02\/DSC_4217-2.jpg\" \/>\n\t<meta property=\"og:image:width\" content=\"2000\" \/>\n\t<meta property=\"og:image:height\" content=\"1333\" \/>\n\t<meta property=\"og:image:type\" content=\"image\/jpeg\" \/>\n<meta name=\"author\" content=\"\u00d8yvind Kirchhoff\" \/>\n<meta name=\"twitter:label1\" content=\"Written by\" \/>\n\t<meta name=\"twitter:data1\" content=\"\u00d8yvind Kirchhoff\" \/>\n\t<meta name=\"twitter:label2\" content=\"Est. reading time\" \/>\n\t<meta name=\"twitter:data2\" content=\"1 minute\" \/>\n<script type=\"application\/ld+json\" class=\"yoast-schema-graph\">{\"@context\":\"https:\\\/\\\/schema.org\",\"@graph\":[{\"@type\":\"Article\",\"@id\":\"https:\\\/\\\/www.forsoegsstationen.dk\\\/en\\\/2026\\\/02\\\/re-wild-a-trio-spanning-three-generations\\\/#article\",\"isPartOf\":{\"@id\":\"https:\\\/\\\/www.forsoegsstationen.dk\\\/en\\\/2026\\\/02\\\/re-wild-a-trio-spanning-three-generations\\\/\"},\"author\":{\"name\":\"\u00d8yvind Kirchhoff\",\"@id\":\"https:\\\/\\\/www.forsoegsstationen.dk\\\/en\\\/#\\\/schema\\\/person\\\/1c3c61e3f6e11ca3d824b7162b14a5ed\"},\"headline\":\"re-wild &#8211; a trio spanning three generations\",\"datePublished\":\"2026-02-05T07:21:49+00:00\",\"dateModified\":\"2026-08-25T19:40:25+00:00\",\"mainEntityOfPage\":{\"@id\":\"https:\\\/\\\/www.forsoegsstationen.dk\\\/en\\\/2026\\\/02\\\/re-wild-a-trio-spanning-three-generations\\\/\"},\"wordCount\":285,\"publisher\":{\"@id\":\"https:\\\/\\\/www.forsoegsstationen.dk\\\/en\\\/#organization\"},\"image\":{\"@id\":\"https:\\\/\\\/www.forsoegsstationen.dk\\\/en\\\/2026\\\/02\\\/re-wild-a-trio-spanning-three-generations\\\/#primaryimage\"},\"thumbnailUrl\":\"https:\\\/\\\/www.forsoegsstationen.dk\\\/wp-content\\\/uploads\\\/2026\\\/02\\\/DSC_4217-2.jpg\",\"articleSection\":[\"Attempt 25\\\/26\"],\"inLanguage\":\"en-US\"},{\"@type\":\"WebPage\",\"@id\":\"https:\\\/\\\/www.forsoegsstationen.dk\\\/en\\\/2026\\\/02\\\/re-wild-a-trio-spanning-three-generations\\\/\",\"url\":\"https:\\\/\\\/www.forsoegsstationen.dk\\\/en\\\/2026\\\/02\\\/re-wild-a-trio-spanning-three-generations\\\/\",\"name\":\"re-wild - a trio spanning three generations - Fors\u00f8gsstationen\",\"isPartOf\":{\"@id\":\"https:\\\/\\\/www.forsoegsstationen.dk\\\/en\\\/#website\"},\"primaryImageOfPage\":{\"@id\":\"https:\\\/\\\/www.forsoegsstationen.dk\\\/en\\\/2026\\\/02\\\/re-wild-a-trio-spanning-three-generations\\\/#primaryimage\"},\"image\":{\"@id\":\"https:\\\/\\\/www.forsoegsstationen.dk\\\/en\\\/2026\\\/02\\\/re-wild-a-trio-spanning-three-generations\\\/#primaryimage\"},\"thumbnailUrl\":\"https:\\\/\\\/www.forsoegsstationen.dk\\\/wp-content\\\/uploads\\\/2026\\\/02\\\/DSC_4217-2.jpg\",\"datePublished\":\"2026-02-05T07:21:49+00:00\",\"dateModified\":\"2026-08-25T19:40:25+00:00\",\"breadcrumb\":{\"@id\":\"https:\\\/\\\/www.forsoegsstationen.dk\\\/en\\\/2026\\\/02\\\/re-wild-a-trio-spanning-three-generations\\\/#breadcrumb\"},\"inLanguage\":\"en-US\",\"potentialAction\":[{\"@type\":\"ReadAction\",\"target\":[\"https:\\\/\\\/www.forsoegsstationen.dk\\\/en\\\/2026\\\/02\\\/re-wild-a-trio-spanning-three-generations\\\/\"]}]},{\"@type\":\"ImageObject\",\"inLanguage\":\"en-US\",\"@id\":\"https:\\\/\\\/www.forsoegsstationen.dk\\\/en\\\/2026\\\/02\\\/re-wild-a-trio-spanning-three-generations\\\/#primaryimage\",\"url\":\"https:\\\/\\\/www.forsoegsstationen.dk\\\/wp-content\\\/uploads\\\/2026\\\/02\\\/DSC_4217-2.jpg\",\"contentUrl\":\"https:\\\/\\\/www.forsoegsstationen.dk\\\/wp-content\\\/uploads\\\/2026\\\/02\\\/DSC_4217-2.jpg\",\"width\":2000,\"height\":1333},{\"@type\":\"BreadcrumbList\",\"@id\":\"https:\\\/\\\/www.forsoegsstationen.dk\\\/en\\\/2026\\\/02\\\/re-wild-a-trio-spanning-three-generations\\\/#breadcrumb\",\"itemListElement\":[{\"@type\":\"ListItem\",\"position\":1,\"name\":\"Hjem\",\"item\":\"https:\\\/\\\/www.forsoegsstationen.dk\\\/en\\\/home\\\/\"},{\"@type\":\"ListItem\",\"position\":2,\"name\":\"re-wild &#8211; a trio spanning three generations\"}]},{\"@type\":\"WebSite\",\"@id\":\"https:\\\/\\\/www.forsoegsstationen.dk\\\/en\\\/#website\",\"url\":\"https:\\\/\\\/www.forsoegsstationen.dk\\\/en\\\/\",\"name\":\"Fors\u00f8gsstationen\",\"description\":\"Et v\u00e6rksted for professionel scenekunst\",\"publisher\":{\"@id\":\"https:\\\/\\\/www.forsoegsstationen.dk\\\/en\\\/#organization\"},\"potentialAction\":[{\"@type\":\"SearchAction\",\"target\":{\"@type\":\"EntryPoint\",\"urlTemplate\":\"https:\\\/\\\/www.forsoegsstationen.dk\\\/en\\\/?s={search_term_string}\"},\"query-input\":{\"@type\":\"PropertyValueSpecification\",\"valueRequired\":true,\"valueName\":\"search_term_string\"}}],\"inLanguage\":\"en-US\"},{\"@type\":\"Organization\",\"@id\":\"https:\\\/\\\/www.forsoegsstationen.dk\\\/en\\\/#organization\",\"name\":\"Fors\u00f8gsstationen\",\"url\":\"https:\\\/\\\/www.forsoegsstationen.dk\\\/en\\\/\",\"logo\":{\"@type\":\"ImageObject\",\"inLanguage\":\"en-US\",\"@id\":\"https:\\\/\\\/www.forsoegsstationen.dk\\\/en\\\/#\\\/schema\\\/logo\\\/image\\\/\",\"url\":\"https:\\\/\\\/www.forsoegsstationen.dk\\\/wp-content\\\/uploads\\\/2014\\\/06\\\/logo.jpg\",\"contentUrl\":\"https:\\\/\\\/www.forsoegsstationen.dk\\\/wp-content\\\/uploads\\\/2014\\\/06\\\/logo.jpg\",\"width\":3260,\"height\":795,\"caption\":\"Fors\u00f8gsstationen\"},\"image\":{\"@id\":\"https:\\\/\\\/www.forsoegsstationen.dk\\\/en\\\/#\\\/schema\\\/logo\\\/image\\\/\"},\"sameAs\":[\"https:\\\/\\\/www.facebook.com\\\/vaerkstedforscenekunst\\\/\",\"https:\\\/\\\/www.youtube.com\\\/channel\\\/UChVxHEkj-t6T4MkWviMjMXg\"]},{\"@type\":\"Person\",\"@id\":\"https:\\\/\\\/www.forsoegsstationen.dk\\\/en\\\/#\\\/schema\\\/person\\\/1c3c61e3f6e11ca3d824b7162b14a5ed\",\"name\":\"\u00d8yvind Kirchhoff\",\"image\":{\"@type\":\"ImageObject\",\"inLanguage\":\"en-US\",\"@id\":\"https:\\\/\\\/secure.gravatar.com\\\/avatar\\\/0943b91cbf4abe0a5f0bf2703c183041104d7418b30161f419a01374791ffcb0?s=96&d=mm&r=g\",\"url\":\"https:\\\/\\\/secure.gravatar.com\\\/avatar\\\/0943b91cbf4abe0a5f0bf2703c183041104d7418b30161f419a01374791ffcb0?s=96&d=mm&r=g\",\"contentUrl\":\"https:\\\/\\\/secure.gravatar.com\\\/avatar\\\/0943b91cbf4abe0a5f0bf2703c183041104d7418b30161f419a01374791ffcb0?s=96&d=mm&r=g\",\"caption\":\"\u00d8yvind Kirchhoff\"},\"url\":\"https:\\\/\\\/www.forsoegsstationen.dk\\\/en\\\/author\\\/oyvindk\\\/\"}]}<\/script>\n<!-- \/ Yoast SEO plugin. -->","yoast_head_json":{"title":"re-wild - a trio spanning three generations - Fors\u00f8gsstationen","robots":{"index":"index","follow":"follow","max-snippet":"max-snippet:-1","max-image-preview":"max-image-preview:large","max-video-preview":"max-video-preview:-1"},"canonical":"https:\/\/www.forsoegsstationen.dk\/en\/2026\/02\/re-wild-a-trio-spanning-three-generations\/","og_locale":"en_US","og_type":"article","og_title":"re-wild - a trio spanning three generations - Fors\u00f8gsstationen","og_description":"[vc_row bg_type=&#8221;image&#8221; parallax_style=&#8221;vcpb-default&#8221; bg_image_new=&#8221;id^3326|url^https:\/\/www.forsoegsstationen.dk\/wp-content\/uploads\/2022\/02\/bg-p.jpg|caption^null|alt^null|title^bg-p|description^null&#8221; css=&#8221;.vc_custom_1708630981679{padding-right: 25px !important;padding-left: 25px !important;}&#8221;][vc_column width=&#8221;1\/2&#8243; css=&#8221;.vc_custom_1708630969331{padding-right: 25px !important;padding-left: 25px !important;}&#8221;][vc_column_text css=&#8221;&#8221;] RE-WILD Hvordan kan vi arbejde med danserens styrker og begr\u00e6nsinger og lade b\u00e5de sp\u00e6ndinger og konflikt, omsorg, k\u00e6rlighed og ligev\u00e6rd udspille sig mellem generationer? Hvilken forundring og poesi opst\u00e5r der i m\u00f8det mellem dansere fra tre forskellige generationer? Hvordan&hellip;","og_url":"https:\/\/www.forsoegsstationen.dk\/en\/2026\/02\/re-wild-a-trio-spanning-three-generations\/","og_site_name":"Fors\u00f8gsstationen","article_publisher":"https:\/\/www.facebook.com\/vaerkstedforscenekunst\/","article_published_time":"2026-02-05T07:21:49+00:00","article_modified_time":"2026-08-25T19:40:25+00:00","og_image":[{"width":2000,"height":1333,"url":"https:\/\/www.forsoegsstationen.dk\/wp-content\/uploads\/2026\/02\/DSC_4217-2.jpg","type":"image\/jpeg"}],"author":"\u00d8yvind Kirchhoff","twitter_misc":{"Written by":"\u00d8yvind Kirchhoff","Est. reading time":"1 minute"},"schema":{"@context":"https:\/\/schema.org","@graph":[{"@type":"Article","@id":"https:\/\/www.forsoegsstationen.dk\/en\/2026\/02\/re-wild-a-trio-spanning-three-generations\/#article","isPartOf":{"@id":"https:\/\/www.forsoegsstationen.dk\/en\/2026\/02\/re-wild-a-trio-spanning-three-generations\/"},"author":{"name":"\u00d8yvind Kirchhoff","@id":"https:\/\/www.forsoegsstationen.dk\/en\/#\/schema\/person\/1c3c61e3f6e11ca3d824b7162b14a5ed"},"headline":"re-wild &#8211; a trio spanning three generations","datePublished":"2026-02-05T07:21:49+00:00","dateModified":"2026-08-25T19:40:25+00:00","mainEntityOfPage":{"@id":"https:\/\/www.forsoegsstationen.dk\/en\/2026\/02\/re-wild-a-trio-spanning-three-generations\/"},"wordCount":285,"publisher":{"@id":"https:\/\/www.forsoegsstationen.dk\/en\/#organization"},"image":{"@id":"https:\/\/www.forsoegsstationen.dk\/en\/2026\/02\/re-wild-a-trio-spanning-three-generations\/#primaryimage"},"thumbnailUrl":"https:\/\/www.forsoegsstationen.dk\/wp-content\/uploads\/2026\/02\/DSC_4217-2.jpg","articleSection":["Attempt 25\/26"],"inLanguage":"en-US"},{"@type":"WebPage","@id":"https:\/\/www.forsoegsstationen.dk\/en\/2026\/02\/re-wild-a-trio-spanning-three-generations\/","url":"https:\/\/www.forsoegsstationen.dk\/en\/2026\/02\/re-wild-a-trio-spanning-three-generations\/","name":"re-wild - a trio spanning three generations - Fors\u00f8gsstationen","isPartOf":{"@id":"https:\/\/www.forsoegsstationen.dk\/en\/#website"},"primaryImageOfPage":{"@id":"https:\/\/www.forsoegsstationen.dk\/en\/2026\/02\/re-wild-a-trio-spanning-three-generations\/#primaryimage"},"image":{"@id":"https:\/\/www.forsoegsstationen.dk\/en\/2026\/02\/re-wild-a-trio-spanning-three-generations\/#primaryimage"},"thumbnailUrl":"https:\/\/www.forsoegsstationen.dk\/wp-content\/uploads\/2026\/02\/DSC_4217-2.jpg","datePublished":"2026-02-05T07:21:49+00:00","dateModified":"2026-08-25T19:40:25+00:00","breadcrumb":{"@id":"https:\/\/www.forsoegsstationen.dk\/en\/2026\/02\/re-wild-a-trio-spanning-three-generations\/#breadcrumb"},"inLanguage":"en-US","potentialAction":[{"@type":"ReadAction","target":["https:\/\/www.forsoegsstationen.dk\/en\/2026\/02\/re-wild-a-trio-spanning-three-generations\/"]}]},{"@type":"ImageObject","inLanguage":"en-US","@id":"https:\/\/www.forsoegsstationen.dk\/en\/2026\/02\/re-wild-a-trio-spanning-three-generations\/#primaryimage","url":"https:\/\/www.forsoegsstationen.dk\/wp-content\/uploads\/2026\/02\/DSC_4217-2.jpg","contentUrl":"https:\/\/www.forsoegsstationen.dk\/wp-content\/uploads\/2026\/02\/DSC_4217-2.jpg","width":2000,"height":1333},{"@type":"BreadcrumbList","@id":"https:\/\/www.forsoegsstationen.dk\/en\/2026\/02\/re-wild-a-trio-spanning-three-generations\/#breadcrumb","itemListElement":[{"@type":"ListItem","position":1,"name":"Hjem","item":"https:\/\/www.forsoegsstationen.dk\/en\/home\/"},{"@type":"ListItem","position":2,"name":"re-wild &#8211; a trio spanning three generations"}]},{"@type":"WebSite","@id":"https:\/\/www.forsoegsstationen.dk\/en\/#website","url":"https:\/\/www.forsoegsstationen.dk\/en\/","name":"Fors\u00f8gsstationen","description":"Et v\u00e6rksted for professionel scenekunst","publisher":{"@id":"https:\/\/www.forsoegsstationen.dk\/en\/#organization"},"potentialAction":[{"@type":"SearchAction","target":{"@type":"EntryPoint","urlTemplate":"https:\/\/www.forsoegsstationen.dk\/en\/?s={search_term_string}"},"query-input":{"@type":"PropertyValueSpecification","valueRequired":true,"valueName":"search_term_string"}}],"inLanguage":"en-US"},{"@type":"Organization","@id":"https:\/\/www.forsoegsstationen.dk\/en\/#organization","name":"Fors\u00f8gsstationen","url":"https:\/\/www.forsoegsstationen.dk\/en\/","logo":{"@type":"ImageObject","inLanguage":"en-US","@id":"https:\/\/www.forsoegsstationen.dk\/en\/#\/schema\/logo\/image\/","url":"https:\/\/www.forsoegsstationen.dk\/wp-content\/uploads\/2014\/06\/logo.jpg","contentUrl":"https:\/\/www.forsoegsstationen.dk\/wp-content\/uploads\/2014\/06\/logo.jpg","width":3260,"height":795,"caption":"Fors\u00f8gsstationen"},"image":{"@id":"https:\/\/www.forsoegsstationen.dk\/en\/#\/schema\/logo\/image\/"},"sameAs":["https:\/\/www.facebook.com\/vaerkstedforscenekunst\/","https:\/\/www.youtube.com\/channel\/UChVxHEkj-t6T4MkWviMjMXg"]},{"@type":"Person","@id":"https:\/\/www.forsoegsstationen.dk\/en\/#\/schema\/person\/1c3c61e3f6e11ca3d824b7162b14a5ed","name":"\u00d8yvind Kirchhoff","image":{"@type":"ImageObject","inLanguage":"en-US","@id":"https:\/\/secure.gravatar.com\/avatar\/0943b91cbf4abe0a5f0bf2703c183041104d7418b30161f419a01374791ffcb0?s=96&d=mm&r=g","url":"https:\/\/secure.gravatar.com\/avatar\/0943b91cbf4abe0a5f0bf2703c183041104d7418b30161f419a01374791ffcb0?s=96&d=mm&r=g","contentUrl":"https:\/\/secure.gravatar.com\/avatar\/0943b91cbf4abe0a5f0bf2703c183041104d7418b30161f419a01374791ffcb0?s=96&d=mm&r=g","caption":"\u00d8yvind Kirchhoff"},"url":"https:\/\/www.forsoegsstationen.dk\/en\/author\/oyvindk\/"}]}},"_links":{"self":[{"href":"https:\/\/www.forsoegsstationen.dk\/en\/wp-json\/wp\/v2\/posts\/8074","targetHints":{"allow":["GET"]}}],"collection":[{"href":"https:\/\/www.forsoegsstationen.dk\/en\/wp-json\/wp\/v2\/posts"}],"about":[{"href":"https:\/\/www.forsoegsstationen.dk\/en\/wp-json\/wp\/v2\/types\/post"}],"author":[{"embeddable":true,"href":"https:\/\/www.forsoegsstationen.dk\/en\/wp-json\/wp\/v2\/users\/10"}],"replies":[{"embeddable":true,"href":"https:\/\/www.forsoegsstationen.dk\/en\/wp-json\/wp\/v2\/comments?post=8074"}],"version-history":[{"count":2,"href":"https:\/\/www.forsoegsstationen.dk\/en\/wp-json\/wp\/v2\/posts\/8074\/revisions"}],"predecessor-version":[{"id":8095,"href":"https:\/\/www.forsoegsstationen.dk\/en\/wp-json\/wp\/v2\/posts\/8074\/revisions\/8095"}],"wp:featuredmedia":[{"embeddable":true,"href":"https:\/\/www.forsoegsstationen.dk\/en\/wp-json\/wp\/v2\/media\/6379"}],"wp:attachment":[{"href":"https:\/\/www.forsoegsstationen.dk\/en\/wp-json\/wp\/v2\/media?parent=8074"}],"wp:term":[{"taxonomy":"category","embeddable":true,"href":"https:\/\/www.forsoegsstationen.dk\/en\/wp-json\/wp\/v2\/categories?post=8074"},{"taxonomy":"post_tag","embeddable":true,"href":"https:\/\/www.forsoegsstationen.dk\/en\/wp-json\/wp\/v2\/tags?post=8074"}],"curies":[{"name":"wp","href":"https:\/\/api.w.org\/{rel}","templated":true}]}}