{"id":6000,"date":"2025-01-06T21:32:46","date_gmt":"2025-01-06T20:32:46","guid":{"rendered":"https:\/\/www.forsoegsstationen.dk\/2025\/01\/premiere-of-the-documentary-film-so-far-weve-come-by-helle-stenum-on-thursday-january-23-at-19-30\/"},"modified":"2025-01-06T22:16:22","modified_gmt":"2025-01-06T21:16:22","slug":"premiere-of-the-documentary-film-so-far-weve-come-by-helle-stenum-on-thursday-january-23-at-19-30","status":"publish","type":"post","link":"https:\/\/www.forsoegsstationen.dk\/en\/2025\/01\/premiere-of-the-documentary-film-so-far-weve-come-by-helle-stenum-on-thursday-january-23-at-19-30\/","title":{"rendered":"premiere of the documentary film &#8220;So far we&#8217;ve come&#8221; by Helle Stenum on Thursday, January 23 at 19.30"},"content":{"rendered":"<div class=\"wpb-content-wrapper\"><p>[vc_row bg_type=&#8221;image&#8221; parallax_style=&#8221;vcpb-default&#8221; bg_image_new=&#8221;id^3312|url^https:\/\/www.forsoegsstationen.dk\/wp-content\/uploads\/2022\/02\/bg.jpg|caption^null|alt^null|title^bg|description^null&#8221; bg_image_size=&#8221;contain&#8221; css=&#8221;.vc_custom_1644672543524{padding-right: 50px !important;padding-left: 25px !important;}&#8221;][vc_column width=&#8221;1\/2&#8243; css=&#8221;.vc_custom_1734344390914{padding-right: 25px !important;padding-left: 25px !important;}&#8221;][vc_column_text css=&#8221;&#8221;]<\/p>\n<p>&nbsp;<\/p>\n<h4>Join us for the Danish premiere of the documentary film <em>S\u00e5 vidt er vi kommet <\/em>by Helle Stenum:<\/h4>\n<p>&nbsp;<\/p>\n<p><strong>Thursday d. January 23rd at 19:30  <\/strong><strong>at the Experimental Station<\/strong><\/p>\n<p>The film is about the deportation of refugees from Denmark &#8211; past and present. It is about the deportation of Jewish refugees in the 1930s and German war refugees in 1945-49&#8242; AND about today&#8217;s &#8216;deportation centers&#8217; K\u00e6rshovedg\u00e5rd and Elleb\u00e6k. History does not repeat itself, but the political rhetoric about the refugees to be deported and rejected rhymes over time. The film is also about some of the people who are actively trying to change the conditions for refugees, and it asks: who tells the story, what is remembered and what is forgotten?   <\/p>\n<p>After the screening, we will open up for a Q&amp;A with Helle Stenum. We want an open and free discussion of topics related to the documentary. <\/p>\n<p>&nbsp;<\/p>\n<p>The event is a collaboration between Colonial History Center \/ Associate Professor Lars Jensen, Helle Stenum and Fors\u00f8gsstationen and is one of several upcoming activities that want to invite knowledge sharing and joint conversations from a decolonial, anti-racist and human rights perspective.<\/p>\n<p>&nbsp;<\/p>\n<p>&nbsp;<\/p>\n<p><strong>Program<\/strong><\/p>\n<p>19:00 &#8211; Doors open. Possibility to buy coffee, wine &amp; beer <\/p>\n<p>19:30 &#8211; Introduction by Kolonihistorisk Center &amp; instructor Helle Stenum<\/p>\n<p>19:45 &#8211; Screening of <em>So Far We&#8217;ve Come <\/em> <\/p>\n<p>20:45 &#8211; Q&amp;A and open bar afterwards<\/p>\n<p>21:30 &#8211; Thank you for tonight<\/p>\n<p>&nbsp;<\/p>\n<p><strong>Trailer<\/strong><\/p>\n<p><a href=\"https:\/\/final.dk\/produktion\/saa-vidt-er-vi-kommet-trailer\/\">https:\/\/final.dk\/produktion\/saa-vidt-er-vi-kommet-trailer\/<\/a><\/p>\n<p>&nbsp;<\/p>\n<p><strong>The internship<br \/><\/strong>The viewing is at Fors\u00f8gsstationen, <a href=\"https:\/\/www.google.com\/maps\/place\/data=!4m2!3m1!1s0x465253764832641d:0x552398a433a7a71?sa=X&amp;ved=1t:8290&amp;ictx=111\">S\u00f8nder Boulevard 81, Vesterbro<\/a>.<\/p>\n<p>The event is free and registration is not required.<\/p>\n<p>&nbsp;<\/p>\n<p>[\/vc_column_text][\/vc_column][vc_column width=&#8221;1\/2&#8243; css=&#8221;.vc_custom_1734344399708{padding-right: 25px !important;padding-left: 25px !important;}&#8221;][vc_single_image image=&#8221;5995&#8243; img_size=&#8221;full&#8221; css=&#8221;&#8221;][\/vc_column][\/vc_row]<\/p>\n<\/div>","protected":false},"excerpt":{"rendered":"<p>[vc_row bg_type=&#8221;image&#8221; parallax_style=&#8221;vcpb-default&#8221; bg_image_new=&#8221;id^3312|url^https:\/\/www.forsoegsstationen.dk\/wp-content\/uploads\/2022\/02\/bg.jpg|caption^null|alt^null|title^bg|description^null&#8221; bg_image_size=&#8221;contain&#8221; css=&#8221;.vc_custom_1644672543524{padding-right: 50px !important;padding-left: 25px !important;}&#8221;][vc_column width=&#8221;1\/2&#8243; css=&#8221;.vc_custom_1734344390914{padding-right: 25px !important;padding-left: 25px !important;}&#8221;][vc_column_text css=&#8221;&#8221;] &nbsp; Join us for the Danish premiere of the documentary film S\u00e5 vidt er vi kommet by Helle Stenum: &nbsp; Thursday d. January 23rd at 19:30 at the Experimental Station The film is about the deportation of refugees&hellip;<\/p>\n","protected":false},"author":10,"featured_media":5996,"comment_status":"closed","ping_status":"closed","sticky":false,"template":"","format":"standard","meta":{"footnotes":""},"categories":[47],"tags":[],"class_list":["post-6000","post","type-post","status-publish","format-standard","has-post-thumbnail","hentry","category-uncategorized","category-47","description-off"],"yoast_head":"<!-- This site is optimized with the Yoast SEO plugin v27.5 - https:\/\/yoast.com\/product\/yoast-seo-wordpress\/ -->\n<title>premiere of the documentary film &quot;So far we&#039;ve come&quot; by Helle Stenum on Thursday, January 23 at 19.30 - Fors\u00f8gsstationen<\/title>\n<meta name=\"robots\" content=\"index, follow, max-snippet:-1, max-image-preview:large, max-video-preview:-1\" \/>\n<link rel=\"canonical\" href=\"https:\/\/www.forsoegsstationen.dk\/en\/2025\/01\/premiere-of-the-documentary-film-so-far-weve-come-by-helle-stenum-on-thursday-january-23-at-19-30\/\" \/>\n<meta property=\"og:locale\" content=\"en_US\" \/>\n<meta property=\"og:type\" content=\"article\" \/>\n<meta property=\"og:title\" content=\"premiere of the documentary film &quot;So far we&#039;ve come&quot; by Helle Stenum on Thursday, January 23 at 19.30 - Fors\u00f8gsstationen\" \/>\n<meta property=\"og:description\" content=\"[vc_row bg_type=&#8221;image&#8221; parallax_style=&#8221;vcpb-default&#8221; bg_image_new=&#8221;id^3312|url^https:\/\/www.forsoegsstationen.dk\/wp-content\/uploads\/2022\/02\/bg.jpg|caption^null|alt^null|title^bg|description^null&#8221; bg_image_size=&#8221;contain&#8221; css=&#8221;.vc_custom_1644672543524{padding-right: 50px !important;padding-left: 25px !important;}&#8221;][vc_column width=&#8221;1\/2&#8243; css=&#8221;.vc_custom_1734344390914{padding-right: 25px !important;padding-left: 25px !important;}&#8221;][vc_column_text css=&#8221;&#8221;] &nbsp; Join us for the Danish premiere of the documentary film S\u00e5 vidt er vi kommet by Helle Stenum: &nbsp; Thursday d. January 23rd at 19:30 at the Experimental Station The film is about the deportation of refugees&hellip;\" \/>\n<meta property=\"og:url\" content=\"https:\/\/www.forsoegsstationen.dk\/en\/2025\/01\/premiere-of-the-documentary-film-so-far-weve-come-by-helle-stenum-on-thursday-january-23-at-19-30\/\" \/>\n<meta property=\"og:site_name\" content=\"Fors\u00f8gsstationen\" \/>\n<meta property=\"article:publisher\" content=\"https:\/\/www.facebook.com\/vaerkstedforscenekunst\/\" \/>\n<meta property=\"article:published_time\" content=\"2025-01-06T20:32:46+00:00\" \/>\n<meta property=\"article:modified_time\" content=\"2025-01-06T21:16:22+00:00\" \/>\n<meta property=\"og:image\" content=\"https:\/\/www.forsoegsstationen.dk\/wp-content\/uploads\/2025\/01\/VS-StenumDokumentar-Trailerv5mp4-Frameio-155.jpg\" \/>\n\t<meta property=\"og:image:width\" content=\"1920\" \/>\n\t<meta property=\"og:image:height\" content=\"1080\" \/>\n\t<meta property=\"og:image:type\" content=\"image\/jpeg\" \/>\n<meta name=\"author\" content=\"\u00d8yvind Kirchhoff\" \/>\n<meta name=\"twitter:label1\" content=\"Written by\" \/>\n\t<meta name=\"twitter:data1\" content=\"\u00d8yvind Kirchhoff\" \/>\n\t<meta name=\"twitter:label2\" content=\"Est. reading time\" \/>\n\t<meta name=\"twitter:data2\" content=\"2 minutes\" \/>\n<script type=\"application\/ld+json\" class=\"yoast-schema-graph\">{\"@context\":\"https:\\\/\\\/schema.org\",\"@graph\":[{\"@type\":\"Article\",\"@id\":\"https:\\\/\\\/www.forsoegsstationen.dk\\\/en\\\/2025\\\/01\\\/premiere-of-the-documentary-film-so-far-weve-come-by-helle-stenum-on-thursday-january-23-at-19-30\\\/#article\",\"isPartOf\":{\"@id\":\"https:\\\/\\\/www.forsoegsstationen.dk\\\/en\\\/2025\\\/01\\\/premiere-of-the-documentary-film-so-far-weve-come-by-helle-stenum-on-thursday-january-23-at-19-30\\\/\"},\"author\":{\"name\":\"\u00d8yvind Kirchhoff\",\"@id\":\"https:\\\/\\\/www.forsoegsstationen.dk\\\/en\\\/#\\\/schema\\\/person\\\/1c3c61e3f6e11ca3d824b7162b14a5ed\"},\"headline\":\"premiere of the documentary film &#8220;So far we&#8217;ve come&#8221; by Helle Stenum on Thursday, January 23 at 19.30\",\"datePublished\":\"2025-01-06T20:32:46+00:00\",\"dateModified\":\"2025-01-06T21:16:22+00:00\",\"mainEntityOfPage\":{\"@id\":\"https:\\\/\\\/www.forsoegsstationen.dk\\\/en\\\/2025\\\/01\\\/premiere-of-the-documentary-film-so-far-weve-come-by-helle-stenum-on-thursday-january-23-at-19-30\\\/\"},\"wordCount\":373,\"publisher\":{\"@id\":\"https:\\\/\\\/www.forsoegsstationen.dk\\\/en\\\/#organization\"},\"image\":{\"@id\":\"https:\\\/\\\/www.forsoegsstationen.dk\\\/en\\\/2025\\\/01\\\/premiere-of-the-documentary-film-so-far-weve-come-by-helle-stenum-on-thursday-january-23-at-19-30\\\/#primaryimage\"},\"thumbnailUrl\":\"https:\\\/\\\/www.forsoegsstationen.dk\\\/wp-content\\\/uploads\\\/2025\\\/01\\\/VS-StenumDokumentar-Trailerv5mp4-Frameio-155.jpg\",\"inLanguage\":\"en-US\"},{\"@type\":\"WebPage\",\"@id\":\"https:\\\/\\\/www.forsoegsstationen.dk\\\/en\\\/2025\\\/01\\\/premiere-of-the-documentary-film-so-far-weve-come-by-helle-stenum-on-thursday-january-23-at-19-30\\\/\",\"url\":\"https:\\\/\\\/www.forsoegsstationen.dk\\\/en\\\/2025\\\/01\\\/premiere-of-the-documentary-film-so-far-weve-come-by-helle-stenum-on-thursday-january-23-at-19-30\\\/\",\"name\":\"premiere of the documentary film \\\"So far we've come\\\" by Helle Stenum on Thursday, January 23 at 19.30 - Fors\u00f8gsstationen\",\"isPartOf\":{\"@id\":\"https:\\\/\\\/www.forsoegsstationen.dk\\\/en\\\/#website\"},\"primaryImageOfPage\":{\"@id\":\"https:\\\/\\\/www.forsoegsstationen.dk\\\/en\\\/2025\\\/01\\\/premiere-of-the-documentary-film-so-far-weve-come-by-helle-stenum-on-thursday-january-23-at-19-30\\\/#primaryimage\"},\"image\":{\"@id\":\"https:\\\/\\\/www.forsoegsstationen.dk\\\/en\\\/2025\\\/01\\\/premiere-of-the-documentary-film-so-far-weve-come-by-helle-stenum-on-thursday-january-23-at-19-30\\\/#primaryimage\"},\"thumbnailUrl\":\"https:\\\/\\\/www.forsoegsstationen.dk\\\/wp-content\\\/uploads\\\/2025\\\/01\\\/VS-StenumDokumentar-Trailerv5mp4-Frameio-155.jpg\",\"datePublished\":\"2025-01-06T20:32:46+00:00\",\"dateModified\":\"2025-01-06T21:16:22+00:00\",\"breadcrumb\":{\"@id\":\"https:\\\/\\\/www.forsoegsstationen.dk\\\/en\\\/2025\\\/01\\\/premiere-of-the-documentary-film-so-far-weve-come-by-helle-stenum-on-thursday-january-23-at-19-30\\\/#breadcrumb\"},\"inLanguage\":\"en-US\",\"potentialAction\":[{\"@type\":\"ReadAction\",\"target\":[\"https:\\\/\\\/www.forsoegsstationen.dk\\\/en\\\/2025\\\/01\\\/premiere-of-the-documentary-film-so-far-weve-come-by-helle-stenum-on-thursday-january-23-at-19-30\\\/\"]}]},{\"@type\":\"ImageObject\",\"inLanguage\":\"en-US\",\"@id\":\"https:\\\/\\\/www.forsoegsstationen.dk\\\/en\\\/2025\\\/01\\\/premiere-of-the-documentary-film-so-far-weve-come-by-helle-stenum-on-thursday-january-23-at-19-30\\\/#primaryimage\",\"url\":\"https:\\\/\\\/www.forsoegsstationen.dk\\\/wp-content\\\/uploads\\\/2025\\\/01\\\/VS-StenumDokumentar-Trailerv5mp4-Frameio-155.jpg\",\"contentUrl\":\"https:\\\/\\\/www.forsoegsstationen.dk\\\/wp-content\\\/uploads\\\/2025\\\/01\\\/VS-StenumDokumentar-Trailerv5mp4-Frameio-155.jpg\",\"width\":1920,\"height\":1080},{\"@type\":\"BreadcrumbList\",\"@id\":\"https:\\\/\\\/www.forsoegsstationen.dk\\\/en\\\/2025\\\/01\\\/premiere-of-the-documentary-film-so-far-weve-come-by-helle-stenum-on-thursday-january-23-at-19-30\\\/#breadcrumb\",\"itemListElement\":[{\"@type\":\"ListItem\",\"position\":1,\"name\":\"Hjem\",\"item\":\"https:\\\/\\\/www.forsoegsstationen.dk\\\/en\\\/home\\\/\"},{\"@type\":\"ListItem\",\"position\":2,\"name\":\"premiere of the documentary film &#8220;So far we&#8217;ve come&#8221; by Helle Stenum on Thursday, January 23 at 19.30\"}]},{\"@type\":\"WebSite\",\"@id\":\"https:\\\/\\\/www.forsoegsstationen.dk\\\/en\\\/#website\",\"url\":\"https:\\\/\\\/www.forsoegsstationen.dk\\\/en\\\/\",\"name\":\"Fors\u00f8gsstationen\",\"description\":\"Et v\u00e6rksted for professionel scenekunst\",\"publisher\":{\"@id\":\"https:\\\/\\\/www.forsoegsstationen.dk\\\/en\\\/#organization\"},\"potentialAction\":[{\"@type\":\"SearchAction\",\"target\":{\"@type\":\"EntryPoint\",\"urlTemplate\":\"https:\\\/\\\/www.forsoegsstationen.dk\\\/en\\\/?s={search_term_string}\"},\"query-input\":{\"@type\":\"PropertyValueSpecification\",\"valueRequired\":true,\"valueName\":\"search_term_string\"}}],\"inLanguage\":\"en-US\"},{\"@type\":\"Organization\",\"@id\":\"https:\\\/\\\/www.forsoegsstationen.dk\\\/en\\\/#organization\",\"name\":\"Fors\u00f8gsstationen\",\"url\":\"https:\\\/\\\/www.forsoegsstationen.dk\\\/en\\\/\",\"logo\":{\"@type\":\"ImageObject\",\"inLanguage\":\"en-US\",\"@id\":\"https:\\\/\\\/www.forsoegsstationen.dk\\\/en\\\/#\\\/schema\\\/logo\\\/image\\\/\",\"url\":\"https:\\\/\\\/www.forsoegsstationen.dk\\\/wp-content\\\/uploads\\\/2014\\\/06\\\/logo.jpg\",\"contentUrl\":\"https:\\\/\\\/www.forsoegsstationen.dk\\\/wp-content\\\/uploads\\\/2014\\\/06\\\/logo.jpg\",\"width\":3260,\"height\":795,\"caption\":\"Fors\u00f8gsstationen\"},\"image\":{\"@id\":\"https:\\\/\\\/www.forsoegsstationen.dk\\\/en\\\/#\\\/schema\\\/logo\\\/image\\\/\"},\"sameAs\":[\"https:\\\/\\\/www.facebook.com\\\/vaerkstedforscenekunst\\\/\",\"https:\\\/\\\/www.youtube.com\\\/channel\\\/UChVxHEkj-t6T4MkWviMjMXg\"]},{\"@type\":\"Person\",\"@id\":\"https:\\\/\\\/www.forsoegsstationen.dk\\\/en\\\/#\\\/schema\\\/person\\\/1c3c61e3f6e11ca3d824b7162b14a5ed\",\"name\":\"\u00d8yvind Kirchhoff\",\"image\":{\"@type\":\"ImageObject\",\"inLanguage\":\"en-US\",\"@id\":\"https:\\\/\\\/secure.gravatar.com\\\/avatar\\\/0943b91cbf4abe0a5f0bf2703c183041104d7418b30161f419a01374791ffcb0?s=96&d=mm&r=g\",\"url\":\"https:\\\/\\\/secure.gravatar.com\\\/avatar\\\/0943b91cbf4abe0a5f0bf2703c183041104d7418b30161f419a01374791ffcb0?s=96&d=mm&r=g\",\"contentUrl\":\"https:\\\/\\\/secure.gravatar.com\\\/avatar\\\/0943b91cbf4abe0a5f0bf2703c183041104d7418b30161f419a01374791ffcb0?s=96&d=mm&r=g\",\"caption\":\"\u00d8yvind Kirchhoff\"},\"url\":\"https:\\\/\\\/www.forsoegsstationen.dk\\\/en\\\/author\\\/oyvindk\\\/\"}]}<\/script>\n<!-- \/ Yoast SEO plugin. -->","yoast_head_json":{"title":"premiere of the documentary film \"So far we've come\" by Helle Stenum on Thursday, January 23 at 19.30 - Fors\u00f8gsstationen","robots":{"index":"index","follow":"follow","max-snippet":"max-snippet:-1","max-image-preview":"max-image-preview:large","max-video-preview":"max-video-preview:-1"},"canonical":"https:\/\/www.forsoegsstationen.dk\/en\/2025\/01\/premiere-of-the-documentary-film-so-far-weve-come-by-helle-stenum-on-thursday-january-23-at-19-30\/","og_locale":"en_US","og_type":"article","og_title":"premiere of the documentary film \"So far we've come\" by Helle Stenum on Thursday, January 23 at 19.30 - Fors\u00f8gsstationen","og_description":"[vc_row bg_type=&#8221;image&#8221; parallax_style=&#8221;vcpb-default&#8221; bg_image_new=&#8221;id^3312|url^https:\/\/www.forsoegsstationen.dk\/wp-content\/uploads\/2022\/02\/bg.jpg|caption^null|alt^null|title^bg|description^null&#8221; bg_image_size=&#8221;contain&#8221; css=&#8221;.vc_custom_1644672543524{padding-right: 50px !important;padding-left: 25px !important;}&#8221;][vc_column width=&#8221;1\/2&#8243; css=&#8221;.vc_custom_1734344390914{padding-right: 25px !important;padding-left: 25px !important;}&#8221;][vc_column_text css=&#8221;&#8221;] &nbsp; Join us for the Danish premiere of the documentary film S\u00e5 vidt er vi kommet by Helle Stenum: &nbsp; Thursday d. January 23rd at 19:30 at the Experimental Station The film is about the deportation of refugees&hellip;","og_url":"https:\/\/www.forsoegsstationen.dk\/en\/2025\/01\/premiere-of-the-documentary-film-so-far-weve-come-by-helle-stenum-on-thursday-january-23-at-19-30\/","og_site_name":"Fors\u00f8gsstationen","article_publisher":"https:\/\/www.facebook.com\/vaerkstedforscenekunst\/","article_published_time":"2025-01-06T20:32:46+00:00","article_modified_time":"2025-01-06T21:16:22+00:00","og_image":[{"width":1920,"height":1080,"url":"https:\/\/www.forsoegsstationen.dk\/wp-content\/uploads\/2025\/01\/VS-StenumDokumentar-Trailerv5mp4-Frameio-155.jpg","type":"image\/jpeg"}],"author":"\u00d8yvind Kirchhoff","twitter_misc":{"Written by":"\u00d8yvind Kirchhoff","Est. reading time":"2 minutes"},"schema":{"@context":"https:\/\/schema.org","@graph":[{"@type":"Article","@id":"https:\/\/www.forsoegsstationen.dk\/en\/2025\/01\/premiere-of-the-documentary-film-so-far-weve-come-by-helle-stenum-on-thursday-january-23-at-19-30\/#article","isPartOf":{"@id":"https:\/\/www.forsoegsstationen.dk\/en\/2025\/01\/premiere-of-the-documentary-film-so-far-weve-come-by-helle-stenum-on-thursday-january-23-at-19-30\/"},"author":{"name":"\u00d8yvind Kirchhoff","@id":"https:\/\/www.forsoegsstationen.dk\/en\/#\/schema\/person\/1c3c61e3f6e11ca3d824b7162b14a5ed"},"headline":"premiere of the documentary film &#8220;So far we&#8217;ve come&#8221; by Helle Stenum on Thursday, January 23 at 19.30","datePublished":"2025-01-06T20:32:46+00:00","dateModified":"2025-01-06T21:16:22+00:00","mainEntityOfPage":{"@id":"https:\/\/www.forsoegsstationen.dk\/en\/2025\/01\/premiere-of-the-documentary-film-so-far-weve-come-by-helle-stenum-on-thursday-january-23-at-19-30\/"},"wordCount":373,"publisher":{"@id":"https:\/\/www.forsoegsstationen.dk\/en\/#organization"},"image":{"@id":"https:\/\/www.forsoegsstationen.dk\/en\/2025\/01\/premiere-of-the-documentary-film-so-far-weve-come-by-helle-stenum-on-thursday-january-23-at-19-30\/#primaryimage"},"thumbnailUrl":"https:\/\/www.forsoegsstationen.dk\/wp-content\/uploads\/2025\/01\/VS-StenumDokumentar-Trailerv5mp4-Frameio-155.jpg","inLanguage":"en-US"},{"@type":"WebPage","@id":"https:\/\/www.forsoegsstationen.dk\/en\/2025\/01\/premiere-of-the-documentary-film-so-far-weve-come-by-helle-stenum-on-thursday-january-23-at-19-30\/","url":"https:\/\/www.forsoegsstationen.dk\/en\/2025\/01\/premiere-of-the-documentary-film-so-far-weve-come-by-helle-stenum-on-thursday-january-23-at-19-30\/","name":"premiere of the documentary film \"So far we've come\" by Helle Stenum on Thursday, January 23 at 19.30 - Fors\u00f8gsstationen","isPartOf":{"@id":"https:\/\/www.forsoegsstationen.dk\/en\/#website"},"primaryImageOfPage":{"@id":"https:\/\/www.forsoegsstationen.dk\/en\/2025\/01\/premiere-of-the-documentary-film-so-far-weve-come-by-helle-stenum-on-thursday-january-23-at-19-30\/#primaryimage"},"image":{"@id":"https:\/\/www.forsoegsstationen.dk\/en\/2025\/01\/premiere-of-the-documentary-film-so-far-weve-come-by-helle-stenum-on-thursday-january-23-at-19-30\/#primaryimage"},"thumbnailUrl":"https:\/\/www.forsoegsstationen.dk\/wp-content\/uploads\/2025\/01\/VS-StenumDokumentar-Trailerv5mp4-Frameio-155.jpg","datePublished":"2025-01-06T20:32:46+00:00","dateModified":"2025-01-06T21:16:22+00:00","breadcrumb":{"@id":"https:\/\/www.forsoegsstationen.dk\/en\/2025\/01\/premiere-of-the-documentary-film-so-far-weve-come-by-helle-stenum-on-thursday-january-23-at-19-30\/#breadcrumb"},"inLanguage":"en-US","potentialAction":[{"@type":"ReadAction","target":["https:\/\/www.forsoegsstationen.dk\/en\/2025\/01\/premiere-of-the-documentary-film-so-far-weve-come-by-helle-stenum-on-thursday-january-23-at-19-30\/"]}]},{"@type":"ImageObject","inLanguage":"en-US","@id":"https:\/\/www.forsoegsstationen.dk\/en\/2025\/01\/premiere-of-the-documentary-film-so-far-weve-come-by-helle-stenum-on-thursday-january-23-at-19-30\/#primaryimage","url":"https:\/\/www.forsoegsstationen.dk\/wp-content\/uploads\/2025\/01\/VS-StenumDokumentar-Trailerv5mp4-Frameio-155.jpg","contentUrl":"https:\/\/www.forsoegsstationen.dk\/wp-content\/uploads\/2025\/01\/VS-StenumDokumentar-Trailerv5mp4-Frameio-155.jpg","width":1920,"height":1080},{"@type":"BreadcrumbList","@id":"https:\/\/www.forsoegsstationen.dk\/en\/2025\/01\/premiere-of-the-documentary-film-so-far-weve-come-by-helle-stenum-on-thursday-january-23-at-19-30\/#breadcrumb","itemListElement":[{"@type":"ListItem","position":1,"name":"Hjem","item":"https:\/\/www.forsoegsstationen.dk\/en\/home\/"},{"@type":"ListItem","position":2,"name":"premiere of the documentary film &#8220;So far we&#8217;ve come&#8221; by Helle Stenum on Thursday, January 23 at 19.30"}]},{"@type":"WebSite","@id":"https:\/\/www.forsoegsstationen.dk\/en\/#website","url":"https:\/\/www.forsoegsstationen.dk\/en\/","name":"Fors\u00f8gsstationen","description":"Et v\u00e6rksted for professionel scenekunst","publisher":{"@id":"https:\/\/www.forsoegsstationen.dk\/en\/#organization"},"potentialAction":[{"@type":"SearchAction","target":{"@type":"EntryPoint","urlTemplate":"https:\/\/www.forsoegsstationen.dk\/en\/?s={search_term_string}"},"query-input":{"@type":"PropertyValueSpecification","valueRequired":true,"valueName":"search_term_string"}}],"inLanguage":"en-US"},{"@type":"Organization","@id":"https:\/\/www.forsoegsstationen.dk\/en\/#organization","name":"Fors\u00f8gsstationen","url":"https:\/\/www.forsoegsstationen.dk\/en\/","logo":{"@type":"ImageObject","inLanguage":"en-US","@id":"https:\/\/www.forsoegsstationen.dk\/en\/#\/schema\/logo\/image\/","url":"https:\/\/www.forsoegsstationen.dk\/wp-content\/uploads\/2014\/06\/logo.jpg","contentUrl":"https:\/\/www.forsoegsstationen.dk\/wp-content\/uploads\/2014\/06\/logo.jpg","width":3260,"height":795,"caption":"Fors\u00f8gsstationen"},"image":{"@id":"https:\/\/www.forsoegsstationen.dk\/en\/#\/schema\/logo\/image\/"},"sameAs":["https:\/\/www.facebook.com\/vaerkstedforscenekunst\/","https:\/\/www.youtube.com\/channel\/UChVxHEkj-t6T4MkWviMjMXg"]},{"@type":"Person","@id":"https:\/\/www.forsoegsstationen.dk\/en\/#\/schema\/person\/1c3c61e3f6e11ca3d824b7162b14a5ed","name":"\u00d8yvind Kirchhoff","image":{"@type":"ImageObject","inLanguage":"en-US","@id":"https:\/\/secure.gravatar.com\/avatar\/0943b91cbf4abe0a5f0bf2703c183041104d7418b30161f419a01374791ffcb0?s=96&d=mm&r=g","url":"https:\/\/secure.gravatar.com\/avatar\/0943b91cbf4abe0a5f0bf2703c183041104d7418b30161f419a01374791ffcb0?s=96&d=mm&r=g","contentUrl":"https:\/\/secure.gravatar.com\/avatar\/0943b91cbf4abe0a5f0bf2703c183041104d7418b30161f419a01374791ffcb0?s=96&d=mm&r=g","caption":"\u00d8yvind Kirchhoff"},"url":"https:\/\/www.forsoegsstationen.dk\/en\/author\/oyvindk\/"}]}},"_links":{"self":[{"href":"https:\/\/www.forsoegsstationen.dk\/en\/wp-json\/wp\/v2\/posts\/6000","targetHints":{"allow":["GET"]}}],"collection":[{"href":"https:\/\/www.forsoegsstationen.dk\/en\/wp-json\/wp\/v2\/posts"}],"about":[{"href":"https:\/\/www.forsoegsstationen.dk\/en\/wp-json\/wp\/v2\/types\/post"}],"author":[{"embeddable":true,"href":"https:\/\/www.forsoegsstationen.dk\/en\/wp-json\/wp\/v2\/users\/10"}],"replies":[{"embeddable":true,"href":"https:\/\/www.forsoegsstationen.dk\/en\/wp-json\/wp\/v2\/comments?post=6000"}],"version-history":[{"count":0,"href":"https:\/\/www.forsoegsstationen.dk\/en\/wp-json\/wp\/v2\/posts\/6000\/revisions"}],"wp:featuredmedia":[{"embeddable":true,"href":"https:\/\/www.forsoegsstationen.dk\/en\/wp-json\/wp\/v2\/media\/5996"}],"wp:attachment":[{"href":"https:\/\/www.forsoegsstationen.dk\/en\/wp-json\/wp\/v2\/media?parent=6000"}],"wp:term":[{"taxonomy":"category","embeddable":true,"href":"https:\/\/www.forsoegsstationen.dk\/en\/wp-json\/wp\/v2\/categories?post=6000"},{"taxonomy":"post_tag","embeddable":true,"href":"https:\/\/www.forsoegsstationen.dk\/en\/wp-json\/wp\/v2\/tags?post=6000"}],"curies":[{"name":"wp","href":"https:\/\/api.w.org\/{rel}","templated":true}]}}